{"id":13033,"date":"2024-10-23T17:53:30","date_gmt":"2024-10-23T22:53:30","guid":{"rendered":"https:\/\/doctoragro.pe\/blog\/?p=13033"},"modified":"2024-10-23T18:21:53","modified_gmt":"2024-10-23T23:21:53","slug":"llamado-a-alimentos-saludables","status":"publish","type":"post","link":"https:\/\/doctoragro.pe\/blog\/llamado-a-alimentos-saludables\/","title":{"rendered":"3er monitoreo de Frutas y Verduras: Un Llamado a la Acci\u00f3n por Alimentos saludables"},"content":{"rendered":"\t\t<div data-elementor-type=\"wp-post\" data-elementor-id=\"13033\" class=\"elementor elementor-13033\" data-elementor-post-type=\"post\">\n\t\t\t\t\t\t<section class=\"elementor-section elementor-top-section elementor-element elementor-element-266ddba elementor-section-boxed elementor-section-height-default elementor-section-height-default\" data-id=\"266ddba\" data-element_type=\"section\">\n\t\t\t\t\t\t<div class=\"elementor-container elementor-column-gap-default\">\n\t\t\t\t\t<div class=\"elementor-column elementor-col-100 elementor-top-column elementor-element elementor-element-f3f4d5e\" data-id=\"f3f4d5e\" data-element_type=\"column\">\n\t\t\t<div class=\"elementor-widget-wrap elementor-element-populated\">\n\t\t\t\t\t\t<div class=\"elementor-element elementor-element-1093a50 elementor-widget elementor-widget-text-editor\" data-id=\"1093a50\" data-element_type=\"widget\" data-widget_type=\"text-editor.default\">\n\t\t\t\t<div class=\"elementor-widget-container\">\n\t\t\t\t\t\t\t\t\t<p>El consumo de frutas y verduras est\u00e1 frecuentemente asociado a un estilo de vida saludable, ya que se asume que estos son alimentos saludables, naturalmente beneficiosos para nuestro organismo. Sin embargo, muchos de los productos que llegan hoy en d\u00eda a nuestras mesas contienen altos niveles de pesticidas, lo que los hace no aptos para el consumo humano.<\/p>\t\t\t\t\t\t\t\t<\/div>\n\t\t\t\t<\/div>\n\t\t\t\t\t<\/div>\n\t\t<\/div>\n\t\t\t\t\t<\/div>\n\t\t<\/section>\n\t\t\t\t<section class=\"elementor-section elementor-top-section elementor-element elementor-element-29af988 elementor-section-boxed elementor-section-height-default elementor-section-height-default\" data-id=\"29af988\" data-element_type=\"section\">\n\t\t\t\t\t\t<div class=\"elementor-container elementor-column-gap-default\">\n\t\t\t\t\t<div class=\"elementor-column elementor-col-100 elementor-top-column elementor-element elementor-element-e8fbc5c\" data-id=\"e8fbc5c\" data-element_type=\"column\">\n\t\t\t<div class=\"elementor-widget-wrap elementor-element-populated\">\n\t\t\t\t\t\t<section class=\"elementor-section elementor-inner-section elementor-element elementor-element-2c51aa7 elementor-section-boxed elementor-section-height-default elementor-section-height-default\" data-id=\"2c51aa7\" data-element_type=\"section\">\n\t\t\t\t\t\t<div class=\"elementor-container elementor-column-gap-default\">\n\t\t\t\t\t<div class=\"elementor-column elementor-col-50 elementor-inner-column elementor-element elementor-element-cdd8bc3\" data-id=\"cdd8bc3\" data-element_type=\"column\">\n\t\t\t<div class=\"elementor-widget-wrap elementor-element-populated\">\n\t\t\t\t\t\t<div class=\"elementor-element elementor-element-0fd7952 elementor-widget elementor-widget-image\" data-id=\"0fd7952\" data-element_type=\"widget\" data-widget_type=\"image.default\">\n\t\t\t\t<div class=\"elementor-widget-container\">\n\t\t\t\t\t\t\t\t\t\t\t\t\t\t\t<img fetchpriority=\"high\" decoding=\"async\" width=\"580\" height=\"580\" src=\"https:\/\/doctoragro.pe\/blog\/wp-content\/uploads\/2024\/08\/richard-aplicandi.png\" class=\"attachment-large size-large wp-image-12340\" alt=\"exceso de pesticidas\" srcset=\"https:\/\/doctoragro.pe\/blog\/wp-content\/uploads\/2024\/08\/richard-aplicandi.png 580w, https:\/\/doctoragro.pe\/blog\/wp-content\/uploads\/2024\/08\/richard-aplicandi-300x300.png 300w, https:\/\/doctoragro.pe\/blog\/wp-content\/uploads\/2024\/08\/richard-aplicandi-150x150.png 150w\" sizes=\"(max-width: 580px) 100vw, 580px\" \/>\t\t\t\t\t\t\t\t\t\t\t\t\t\t\t<\/div>\n\t\t\t\t<\/div>\n\t\t\t\t\t<\/div>\n\t\t<\/div>\n\t\t\t\t<div class=\"elementor-column elementor-col-50 elementor-inner-column elementor-element elementor-element-eb4d624\" data-id=\"eb4d624\" data-element_type=\"column\">\n\t\t\t<div class=\"elementor-widget-wrap elementor-element-populated\">\n\t\t\t\t\t\t<div class=\"elementor-element elementor-element-25edfc1 elementor-widget elementor-widget-text-editor\" data-id=\"25edfc1\" data-element_type=\"widget\" data-widget_type=\"text-editor.default\">\n\t\t\t\t<div class=\"elementor-widget-container\">\n\t\t\t\t\t\t\t\t\t<p>El uso de insumos qu\u00edmicos es parte del manejo integrado de plagas y enfermedades en la agricultura, una pr\u00e1ctica que, cuando se realiza correctamente, puede ser sostenible. No obstante, el tercer monitoreo ciudadano realizado por la organizaci\u00f3n <em>Salud con Lupa<\/em> en colaboraci\u00f3n con otras 18 instituciones ha revelado resultados alarmantes sobre la presencia de pesticidas en los productos que consumimos a diario. A pesar de que algunos de estos pesticidas est\u00e1n prohibidos en el pa\u00eds, su uso sigue siendo frecuente en la producci\u00f3n destinada al mercado local.\u00a0<\/p>\t\t\t\t\t\t\t\t<\/div>\n\t\t\t\t<\/div>\n\t\t\t\t\t<\/div>\n\t\t<\/div>\n\t\t\t\t\t<\/div>\n\t\t<\/section>\n\t\t\t\t\t<\/div>\n\t\t<\/div>\n\t\t\t\t\t<\/div>\n\t\t<\/section>\n\t\t\t\t<section class=\"elementor-section elementor-top-section elementor-element elementor-element-3d90411 elementor-section-boxed elementor-section-height-default elementor-section-height-default\" data-id=\"3d90411\" data-element_type=\"section\">\n\t\t\t\t\t\t<div class=\"elementor-container elementor-column-gap-default\">\n\t\t\t\t\t<div class=\"elementor-column elementor-col-100 elementor-top-column elementor-element elementor-element-a398608\" data-id=\"a398608\" data-element_type=\"column\">\n\t\t\t<div class=\"elementor-widget-wrap elementor-element-populated\">\n\t\t\t\t\t\t<div class=\"elementor-element elementor-element-2e83e62 elementor-widget elementor-widget-text-editor\" data-id=\"2e83e62\" data-element_type=\"widget\" data-widget_type=\"text-editor.default\">\n\t\t\t\t<div class=\"elementor-widget-container\">\n\t\t\t\t\t\t\t\t\t<p>Esto subraya la urgente necesidad de una mayor regulaci\u00f3n, as\u00ed como el compromiso de consumidores, productores y autoridades para abordar este problema y garantizar alimentos saludables para todos.<\/p><p>En t\u00e9rminos generales, de una muestra de 60 productos extra\u00eddos de 5 ciudades del pa\u00eds, 47% ten\u00eda niveles de pesticidas por encima de lo permitido. A nivel de ciudades, Huaraz y Lima tuvieron un mayor porcentaje de muestras contaminadas (67%), mientras que, por alimento muestreado, el pimiento alcanz\u00f3 un 67% de muestras contaminadas. Incluso, un alto porcentaje de muestras de apio y cebollita china conten\u00eda plaguicidas que no deber\u00edan aplicarse a esos cultivos, incluyendo el fipronil, conocido por ser altamente t\u00f3xico para las abejas y otros polinizadores.<\/p><p>Adem\u00e1s, varios de los productos analizados conten\u00edan residuos de pesticidas que ya est\u00e1n prohibidos en Per\u00fa, como el clorpirifos. Estos plaguicidas, que no deber\u00edan estar presentes en los alimentos, representan un riesgo significativo tanto para los consumidores como para los agricultores que los utilizan sin el debido control. Esto pone de manifiesto la falta de cumplimiento y fiscalizaci\u00f3n efectiva de las normativas vigentes en el pa\u00eds, as\u00ed como la necesidad de que los consumidores exijan productos m\u00e1s sanos y libres de contaminantes.<\/p>\t\t\t\t\t\t\t\t<\/div>\n\t\t\t\t<\/div>\n\t\t\t\t\t<\/div>\n\t\t<\/div>\n\t\t\t\t\t<\/div>\n\t\t<\/section>\n\t\t\t\t<section class=\"elementor-section elementor-top-section elementor-element elementor-element-016b564 elementor-section-boxed elementor-section-height-default elementor-section-height-default\" data-id=\"016b564\" data-element_type=\"section\">\n\t\t\t\t\t\t<div class=\"elementor-container elementor-column-gap-default\">\n\t\t\t\t\t<div class=\"elementor-column elementor-col-100 elementor-top-column elementor-element elementor-element-44b8907\" data-id=\"44b8907\" data-element_type=\"column\">\n\t\t\t<div class=\"elementor-widget-wrap elementor-element-populated\">\n\t\t\t\t\t\t<section class=\"elementor-section elementor-inner-section elementor-element elementor-element-8901026 elementor-section-boxed elementor-section-height-default elementor-section-height-default\" data-id=\"8901026\" data-element_type=\"section\">\n\t\t\t\t\t\t<div class=\"elementor-container elementor-column-gap-default\">\n\t\t\t\t\t<div class=\"elementor-column elementor-col-50 elementor-inner-column elementor-element elementor-element-f1c0dd0\" data-id=\"f1c0dd0\" data-element_type=\"column\">\n\t\t\t<div class=\"elementor-widget-wrap elementor-element-populated\">\n\t\t\t\t\t\t<div class=\"elementor-element elementor-element-039d4c7 elementor-widget elementor-widget-text-editor\" data-id=\"039d4c7\" data-element_type=\"widget\" data-widget_type=\"text-editor.default\">\n\t\t\t\t<div class=\"elementor-widget-container\">\n\t\t\t\t\t\t\t\t\t<h5>La Responsabilidad del Consumidor para acceder a alimentos saludables<\/h5><p>Como consumidores, tenemos el poder de influir en el mercado. Exigir alimentos saludables no solo es una cuesti\u00f3n de salud personal, sino tambi\u00e9n un llamado a los productores y reguladores para que tomen medidas m\u00e1s efectivas en la gesti\u00f3n de plaguicidas. Al optar por productos ecol\u00f3gicos y de fuentes locales que garanticen pr\u00e1cticas agr\u00edcolas sostenibles, podemos contribuir a la creaci\u00f3n de un sistema alimentario m\u00e1s seguro y saludable.<\/p>\t\t\t\t\t\t\t\t<\/div>\n\t\t\t\t<\/div>\n\t\t\t\t\t<\/div>\n\t\t<\/div>\n\t\t\t\t<div class=\"elementor-column elementor-col-50 elementor-inner-column elementor-element elementor-element-f60ac44\" data-id=\"f60ac44\" data-element_type=\"column\">\n\t\t\t<div class=\"elementor-widget-wrap elementor-element-populated\">\n\t\t\t\t\t\t<div class=\"elementor-element elementor-element-2fd1a0f elementor-widget elementor-widget-image\" data-id=\"2fd1a0f\" data-element_type=\"widget\" data-widget_type=\"image.default\">\n\t\t\t\t<div class=\"elementor-widget-container\">\n\t\t\t\t\t\t\t\t\t\t\t\t\t\t\t<img decoding=\"async\" width=\"768\" height=\"1024\" src=\"https:\/\/doctoragro.pe\/blog\/wp-content\/uploads\/2024\/10\/pexels-iina-luoto-460132-1211887-768x1024.jpg\" class=\"attachment-large size-large wp-image-13067\" alt=\"Alimentos saludables\" srcset=\"https:\/\/doctoragro.pe\/blog\/wp-content\/uploads\/2024\/10\/pexels-iina-luoto-460132-1211887-768x1024.jpg 768w, https:\/\/doctoragro.pe\/blog\/wp-content\/uploads\/2024\/10\/pexels-iina-luoto-460132-1211887-225x300.jpg 225w, https:\/\/doctoragro.pe\/blog\/wp-content\/uploads\/2024\/10\/pexels-iina-luoto-460132-1211887-1152x1536.jpg 1152w, https:\/\/doctoragro.pe\/blog\/wp-content\/uploads\/2024\/10\/pexels-iina-luoto-460132-1211887-1536x2048.jpg 1536w, https:\/\/doctoragro.pe\/blog\/wp-content\/uploads\/2024\/10\/pexels-iina-luoto-460132-1211887-630x840.jpg 630w, https:\/\/doctoragro.pe\/blog\/wp-content\/uploads\/2024\/10\/pexels-iina-luoto-460132-1211887-scaled.jpg 1920w\" sizes=\"(max-width: 768px) 100vw, 768px\" \/>\t\t\t\t\t\t\t\t\t\t\t\t\t\t\t<\/div>\n\t\t\t\t<\/div>\n\t\t\t\t\t<\/div>\n\t\t<\/div>\n\t\t\t\t\t<\/div>\n\t\t<\/section>\n\t\t\t\t\t<\/div>\n\t\t<\/div>\n\t\t\t\t\t<\/div>\n\t\t<\/section>\n\t\t\t\t<section class=\"elementor-section elementor-top-section elementor-element elementor-element-6470795 elementor-section-boxed elementor-section-height-default elementor-section-height-default\" data-id=\"6470795\" data-element_type=\"section\">\n\t\t\t\t\t\t<div class=\"elementor-container elementor-column-gap-default\">\n\t\t\t\t\t<div class=\"elementor-column elementor-col-100 elementor-top-column elementor-element elementor-element-fdc0d1e\" data-id=\"fdc0d1e\" data-element_type=\"column\">\n\t\t\t<div class=\"elementor-widget-wrap elementor-element-populated\">\n\t\t\t\t\t\t<div class=\"elementor-element elementor-element-e343f99 elementor-widget elementor-widget-text-editor\" data-id=\"e343f99\" data-element_type=\"widget\" data-widget_type=\"text-editor.default\">\n\t\t\t\t<div class=\"elementor-widget-container\">\n\t\t\t\t\t\t\t\t\t<h5>La Necesidad de Mejorar la Extensi\u00f3n y Capacitaci\u00f3n Agr\u00edcola<\/h5><p>Por otro lado, es vital que se invierta en la extensi\u00f3n y capacitaci\u00f3n agr\u00edcola. Los resultados del monitoreo de pesticidas ponen de manifiesto una falta de informaci\u00f3n y formaci\u00f3n adecuada entre muchos agricultores. A menudo, los productores utilizan pesticidas sin comprender completamente los riesgos asociados o las alternativas y nuevas herramientas m\u00e1s sostenibles disponibles.<\/p>\t\t\t\t\t\t\t\t<\/div>\n\t\t\t\t<\/div>\n\t\t\t\t\t<\/div>\n\t\t<\/div>\n\t\t\t\t\t<\/div>\n\t\t<\/section>\n\t\t\t\t<section class=\"elementor-section elementor-top-section elementor-element elementor-element-9282962 elementor-section-boxed elementor-section-height-default elementor-section-height-default\" data-id=\"9282962\" data-element_type=\"section\">\n\t\t\t\t\t\t<div class=\"elementor-container elementor-column-gap-default\">\n\t\t\t\t\t<div class=\"elementor-column elementor-col-100 elementor-top-column elementor-element elementor-element-57ebc2c\" data-id=\"57ebc2c\" data-element_type=\"column\">\n\t\t\t<div class=\"elementor-widget-wrap elementor-element-populated\">\n\t\t\t\t\t\t<section class=\"elementor-section elementor-inner-section elementor-element elementor-element-dcc79bc elementor-section-boxed elementor-section-height-default elementor-section-height-default\" data-id=\"dcc79bc\" data-element_type=\"section\">\n\t\t\t\t\t\t<div class=\"elementor-container elementor-column-gap-default\">\n\t\t\t\t\t<div class=\"elementor-column elementor-col-50 elementor-inner-column elementor-element elementor-element-d5aa4cc\" data-id=\"d5aa4cc\" data-element_type=\"column\">\n\t\t\t<div class=\"elementor-widget-wrap elementor-element-populated\">\n\t\t\t\t\t\t<div class=\"elementor-element elementor-element-8cb1cf8 elementor-widget elementor-widget-image\" data-id=\"8cb1cf8\" data-element_type=\"widget\" data-widget_type=\"image.default\">\n\t\t\t\t<div class=\"elementor-widget-container\">\n\t\t\t\t\t\t\t\t\t\t\t\t\t\t\t<img decoding=\"async\" width=\"800\" height=\"600\" src=\"https:\/\/doctoragro.pe\/blog\/wp-content\/uploads\/2024\/10\/Ventajas-de-los-fertilizantes-organicos.jpg\" class=\"attachment-large size-large wp-image-13073\" alt=\"\" srcset=\"https:\/\/doctoragro.pe\/blog\/wp-content\/uploads\/2024\/10\/Ventajas-de-los-fertilizantes-organicos.jpg 800w, https:\/\/doctoragro.pe\/blog\/wp-content\/uploads\/2024\/10\/Ventajas-de-los-fertilizantes-organicos-300x225.jpg 300w, https:\/\/doctoragro.pe\/blog\/wp-content\/uploads\/2024\/10\/Ventajas-de-los-fertilizantes-organicos-768x576.jpg 768w, https:\/\/doctoragro.pe\/blog\/wp-content\/uploads\/2024\/10\/Ventajas-de-los-fertilizantes-organicos-630x473.jpg 630w\" sizes=\"(max-width: 800px) 100vw, 800px\" \/>\t\t\t\t\t\t\t\t\t\t\t\t\t\t\t<\/div>\n\t\t\t\t<\/div>\n\t\t\t\t\t<\/div>\n\t\t<\/div>\n\t\t\t\t<div class=\"elementor-column elementor-col-50 elementor-inner-column elementor-element elementor-element-6f48c10\" data-id=\"6f48c10\" data-element_type=\"column\">\n\t\t\t<div class=\"elementor-widget-wrap elementor-element-populated\">\n\t\t\t\t\t\t<div class=\"elementor-element elementor-element-a34f69e elementor-widget elementor-widget-text-editor\" data-id=\"a34f69e\" data-element_type=\"widget\" data-widget_type=\"text-editor.default\">\n\t\t\t\t<div class=\"elementor-widget-container\">\n\t\t\t\t\t\t\t\t\t<h5>Promoviendo Pr\u00e1cticas Sostenibles<\/h5><p>La promoci\u00f3n de pr\u00e1cticas agr\u00edcolas sostenibles debe ser una prioridad para todos. Esto incluye el uso de t\u00e9cnicas de manejo integrado de plagas (MIP) que buscan controlar las plagas de manera m\u00e1s hol\u00edstica. Desde <a href=\"http:\/\/www.doctoragro.pe\">DoctorAgro,<\/a> promovemos un manejo integrado de los cultivos, brindando informaci\u00f3n t\u00e9cnica sencilla y un abanico completo de herramientas sostenibles para el campo.<\/p>\t\t\t\t\t\t\t\t<\/div>\n\t\t\t\t<\/div>\n\t\t\t\t\t<\/div>\n\t\t<\/div>\n\t\t\t\t\t<\/div>\n\t\t<\/section>\n\t\t\t\t\t<\/div>\n\t\t<\/div>\n\t\t\t\t\t<\/div>\n\t\t<\/section>\n\t\t\t\t<section class=\"elementor-section elementor-top-section elementor-element elementor-element-8670529 elementor-section-boxed elementor-section-height-default elementor-section-height-default\" data-id=\"8670529\" data-element_type=\"section\">\n\t\t\t\t\t\t<div class=\"elementor-container elementor-column-gap-default\">\n\t\t\t\t\t<div class=\"elementor-column elementor-col-100 elementor-top-column elementor-element elementor-element-46a905f\" data-id=\"46a905f\" data-element_type=\"column\">\n\t\t\t<div class=\"elementor-widget-wrap elementor-element-populated\">\n\t\t\t\t\t\t<div class=\"elementor-element elementor-element-17324ba elementor-widget elementor-widget-text-editor\" data-id=\"17324ba\" data-element_type=\"widget\" data-widget_type=\"text-editor.default\">\n\t\t\t\t<div class=\"elementor-widget-container\">\n\t\t\t\t\t\t\t\t\t<p>La lucha contra los residuos de pesticidas en la agricultura peruana es una tarea compartida. Los consumidores deben exigir alimentos m\u00e1s sanos y seguros, mientras que los productores necesitan recibir la capacitaci\u00f3n y el apoyo necesarios para adoptar pr\u00e1cticas m\u00e1s sostenibles. Solo a trav\u00e9s de la colaboraci\u00f3n entre todos los actores del sistema alimentario podremos construir un futuro m\u00e1s saludable para nuestra sociedad y el medio ambiente.<\/p>\t\t\t\t\t\t\t\t<\/div>\n\t\t\t\t<\/div>\n\t\t\t\t\t<\/div>\n\t\t<\/div>\n\t\t\t\t\t<\/div>\n\t\t<\/section>\n\t\t\t\t<section class=\"elementor-section elementor-top-section elementor-element elementor-element-5c418d4 elementor-section-boxed elementor-section-height-default elementor-section-height-default\" data-id=\"5c418d4\" data-element_type=\"section\">\n\t\t\t\t\t\t<div class=\"elementor-container elementor-column-gap-default\">\n\t\t\t\t\t<div class=\"elementor-column elementor-col-100 elementor-top-column elementor-element elementor-element-ca9f4fb\" data-id=\"ca9f4fb\" data-element_type=\"column\">\n\t\t\t<div class=\"elementor-widget-wrap elementor-element-populated\">\n\t\t\t\t\t\t<div class=\"elementor-element elementor-element-df47a06 elementor-widget elementor-widget-text-editor\" data-id=\"df47a06\" data-element_type=\"widget\" data-widget_type=\"text-editor.default\">\n\t\t\t\t<div class=\"elementor-widget-container\">\n\t\t\t\t\t\t\t\t\t<h5>Fuentes<\/h5><ol><li>Salud con Lupa &#8211; Resultados del tercer monitoreo ciudadano de pesticidas en los alimentos: (<a href=\"https:\/\/saludconlupa.com\/noticias\/estos-son-los-resultados-del-tercer-monitoreo-ciudadano-de-pesticidas-en-los-alimentos\/\" target=\"_blank\" rel=\"noopener\">https:\/\/saludconlupa.com\/noticias\/estos-son-los-resultados-del-tercer-monitoreo-ciudadano-de-pesticidas-en-los-alimentos\/<\/a>)<\/li><li>FAO &#8211; Manejo integrado de plagas y pr\u00e1cticas sostenibles (https:\/\/www.fao.org\/plant-health\/standards\/microbiology\/mip\/en\/)<\/li><li>[Organizaci\u00f3n Mundial de la Salud &#8211; Plaguicidas y su impacto en la salud](https:\/\/www.who.int\/health-topics\/pesticides)<\/li><\/ol>\t\t\t\t\t\t\t\t<\/div>\n\t\t\t\t<\/div>\n\t\t\t\t\t<\/div>\n\t\t<\/div>\n\t\t\t\t\t<\/div>\n\t\t<\/section>\n\t\t\t\t<\/div>\n\t\t","protected":false},"excerpt":{"rendered":"<p>En este blog se hace un llamado a la producci\u00f3n de alimentos saludables<\/p>\n","protected":false},"author":2,"featured_media":13087,"comment_status":"open","ping_status":"open","sticky":false,"template":"","format":"standard","meta":{"footnotes":""},"categories":[1],"tags":[140,206,120,207],"class_list":["post-13033","post","type-post","status-publish","format-standard","has-post-thumbnail","hentry","category-sin-categoria","tag-agricultura-sostenible","tag-alimentos-saludables","tag-pesticidas","tag-senasa"],"_links":{"self":[{"href":"https:\/\/doctoragro.pe\/blog\/wp-json\/wp\/v2\/posts\/13033","targetHints":{"allow":["GET"]}}],"collection":[{"href":"https:\/\/doctoragro.pe\/blog\/wp-json\/wp\/v2\/posts"}],"about":[{"href":"https:\/\/doctoragro.pe\/blog\/wp-json\/wp\/v2\/types\/post"}],"author":[{"embeddable":true,"href":"https:\/\/doctoragro.pe\/blog\/wp-json\/wp\/v2\/users\/2"}],"replies":[{"embeddable":true,"href":"https:\/\/doctoragro.pe\/blog\/wp-json\/wp\/v2\/comments?post=13033"}],"version-history":[{"count":61,"href":"https:\/\/doctoragro.pe\/blog\/wp-json\/wp\/v2\/posts\/13033\/revisions"}],"predecessor-version":[{"id":13120,"href":"https:\/\/doctoragro.pe\/blog\/wp-json\/wp\/v2\/posts\/13033\/revisions\/13120"}],"wp:featuredmedia":[{"embeddable":true,"href":"https:\/\/doctoragro.pe\/blog\/wp-json\/wp\/v2\/media\/13087"}],"wp:attachment":[{"href":"https:\/\/doctoragro.pe\/blog\/wp-json\/wp\/v2\/media?parent=13033"}],"wp:term":[{"taxonomy":"category","embeddable":true,"href":"https:\/\/doctoragro.pe\/blog\/wp-json\/wp\/v2\/categories?post=13033"},{"taxonomy":"post_tag","embeddable":true,"href":"https:\/\/doctoragro.pe\/blog\/wp-json\/wp\/v2\/tags?post=13033"}],"curies":[{"name":"wp","href":"https:\/\/api.w.org\/{rel}","templated":true}]}}