{"id":11754,"date":"2024-05-30T13:02:27","date_gmt":"2024-05-30T18:02:27","guid":{"rendered":"https:\/\/doctoragro.pe\/blog\/?p=11754"},"modified":"2024-05-30T18:15:21","modified_gmt":"2024-05-30T23:15:21","slug":"dia-internacional-de-la-papa","status":"publish","type":"post","link":"https:\/\/doctoragro.pe\/blog\/dia-internacional-de-la-papa\/","title":{"rendered":"D\u00eda Internacional de la Papa: MSc. Wilmer Perez (CIP) nos comenta los principales desaf\u00edos del sector"},"content":{"rendered":"\t\t<div data-elementor-type=\"wp-post\" data-elementor-id=\"11754\" class=\"elementor elementor-11754\" data-elementor-post-type=\"post\">\n\t\t\t\t\t\t<section class=\"elementor-section elementor-top-section elementor-element elementor-element-346eb85 elementor-section-boxed elementor-section-height-default elementor-section-height-default\" data-id=\"346eb85\" data-element_type=\"section\">\n\t\t\t\t\t\t<div class=\"elementor-container elementor-column-gap-default\">\n\t\t\t\t\t<div class=\"elementor-column elementor-col-100 elementor-top-column elementor-element elementor-element-3afa236\" data-id=\"3afa236\" data-element_type=\"column\">\n\t\t\t<div class=\"elementor-widget-wrap elementor-element-populated\">\n\t\t\t\t\t\t<div class=\"elementor-element elementor-element-c13eb95 elementor-widget elementor-widget-text-editor\" data-id=\"c13eb95\" data-element_type=\"widget\" data-widget_type=\"text-editor.default\">\n\t\t\t\t<div class=\"elementor-widget-container\">\n\t\t\t\t\t\t\t\t\t<p>La <a href=\"https:\/\/doctoragro.pe\/cultivo\/papa\/\">papa<\/a> es un cultivo de suma importancia dado su papel en la seguridad alimentaria, adem\u00e1s de ser uno de los 5 cultivos m\u00e1s consumidos en el mundo. En el Per\u00fa es sembrada principalmente por peque\u00f1os agricultores de la zona andina, significando un alimento de subsistencia en diversas zonas rurales.<\/p><p>En este 30 de mayo, D\u00eda Internacional de la Papa, se busca destacar los diversos beneficios nutricionales, econ\u00f3micos, ambientales y culturales, as\u00ed como su valiosa contribuci\u00f3n como alimento y fuente de ingresos para las familias y productores rurales. Este esfuerzo se alinea con la implementaci\u00f3n de la Agenda 2030 para alcanzar los Objetivos de Desarrollo Sostenible.<\/p>\t\t\t\t\t\t\t\t<\/div>\n\t\t\t\t<\/div>\n\t\t\t\t\t<\/div>\n\t\t<\/div>\n\t\t\t\t\t<\/div>\n\t\t<\/section>\n\t\t\t\t<section class=\"elementor-section elementor-top-section elementor-element elementor-element-a1beaa1 elementor-section-boxed elementor-section-height-default elementor-section-height-default\" data-id=\"a1beaa1\" data-element_type=\"section\">\n\t\t\t\t\t\t<div class=\"elementor-container elementor-column-gap-default\">\n\t\t\t\t\t<div class=\"elementor-column elementor-col-100 elementor-top-column elementor-element elementor-element-dfe42b8\" data-id=\"dfe42b8\" data-element_type=\"column\">\n\t\t\t<div class=\"elementor-widget-wrap elementor-element-populated\">\n\t\t\t\t\t\t<section class=\"elementor-section elementor-inner-section elementor-element elementor-element-1b329d8 elementor-section-boxed elementor-section-height-default elementor-section-height-default\" data-id=\"1b329d8\" data-element_type=\"section\">\n\t\t\t\t\t\t<div class=\"elementor-container elementor-column-gap-default\">\n\t\t\t\t\t<div class=\"elementor-column elementor-col-50 elementor-inner-column elementor-element elementor-element-474466b\" data-id=\"474466b\" data-element_type=\"column\">\n\t\t\t<div class=\"elementor-widget-wrap elementor-element-populated\">\n\t\t\t\t\t\t<div class=\"elementor-element elementor-element-61e80c7 elementor-widget elementor-widget-image\" data-id=\"61e80c7\" data-element_type=\"widget\" data-widget_type=\"image.default\">\n\t\t\t\t<div class=\"elementor-widget-container\">\n\t\t\t\t\t\t\t\t\t\t\t\t\t\t\t<img fetchpriority=\"high\" decoding=\"async\" width=\"952\" height=\"643\" src=\"https:\/\/doctoragro.pe\/blog\/wp-content\/uploads\/2024\/05\/Wilmer-perez-foto.jpg\" class=\"attachment-large size-large wp-image-11768\" alt=\"Ing. Wilmer Perez, experto en papa\" srcset=\"https:\/\/doctoragro.pe\/blog\/wp-content\/uploads\/2024\/05\/Wilmer-perez-foto.jpg 952w, https:\/\/doctoragro.pe\/blog\/wp-content\/uploads\/2024\/05\/Wilmer-perez-foto-300x203.jpg 300w, https:\/\/doctoragro.pe\/blog\/wp-content\/uploads\/2024\/05\/Wilmer-perez-foto-768x519.jpg 768w, https:\/\/doctoragro.pe\/blog\/wp-content\/uploads\/2024\/05\/Wilmer-perez-foto-630x426.jpg 630w\" sizes=\"(max-width: 952px) 100vw, 952px\" \/>\t\t\t\t\t\t\t\t\t\t\t\t\t\t\t<\/div>\n\t\t\t\t<\/div>\n\t\t\t\t\t<\/div>\n\t\t<\/div>\n\t\t\t\t<div class=\"elementor-column elementor-col-50 elementor-inner-column elementor-element elementor-element-75b390b\" data-id=\"75b390b\" data-element_type=\"column\">\n\t\t\t<div class=\"elementor-widget-wrap elementor-element-populated\">\n\t\t\t\t\t\t<div class=\"elementor-element elementor-element-d246109 elementor-widget elementor-widget-text-editor\" data-id=\"d246109\" data-element_type=\"widget\" data-widget_type=\"text-editor.default\">\n\t\t\t\t<div class=\"elementor-widget-container\">\n\t\t\t\t\t\t\t\t\t<p>Actualmente los programas de mejora del CIP est\u00e1n enfocados en obtener Papas de maduraci\u00f3n precoz, preferidas por el mercado y biofortificada. Las semillas de papa de alta calidad mejoraron la productividad de 2 millones de peque\u00f1os agricultores.<\/p>\t\t\t\t\t\t\t\t<\/div>\n\t\t\t\t<\/div>\n\t\t\t\t\t<\/div>\n\t\t<\/div>\n\t\t\t\t\t<\/div>\n\t\t<\/section>\n\t\t\t\t\t<\/div>\n\t\t<\/div>\n\t\t\t\t\t<\/div>\n\t\t<\/section>\n\t\t\t\t<section class=\"elementor-section elementor-top-section elementor-element elementor-element-83d294d elementor-section-boxed elementor-section-height-default elementor-section-height-default\" data-id=\"83d294d\" data-element_type=\"section\">\n\t\t\t\t\t\t<div class=\"elementor-container elementor-column-gap-default\">\n\t\t\t\t\t<div class=\"elementor-column elementor-col-100 elementor-top-column elementor-element elementor-element-3e126f0\" data-id=\"3e126f0\" data-element_type=\"column\">\n\t\t\t<div class=\"elementor-widget-wrap elementor-element-populated\">\n\t\t\t\t\t\t<div class=\"elementor-element elementor-element-b8ff520 elementor-widget elementor-widget-text-editor\" data-id=\"b8ff520\" data-element_type=\"widget\" data-widget_type=\"text-editor.default\">\n\t\t\t\t<div class=\"elementor-widget-container\">\n\t\t\t\t\t\t\t\t\t<p>Conversamos con el <a href=\"https:\/\/www.linkedin.com\/in\/willmer-perez-a1a283161\/\" target=\"_blank\" rel=\"noopener\">MSc. Wilmer P\u00e9rez,<\/a> investigador asociado del <a href=\"https:\/\/cipotato.org\/\" target=\"_blank\" rel=\"noopener\">Centro Internacional de la Papa (CIP)<\/a>, con m\u00e1s de 25 a\u00f1os de experiencia con especializaci\u00f3n en manejo integrado de plagas y enfermedades.<\/p><h5>1. \u00bfActualmente cu\u00e1les son los principales desaf\u00edos de la papa en el Per\u00fa?<\/h5><p>Uno de los principales desaf\u00edos es obtener variedades de papa resistentes a la sequ\u00eda y sumamente precoces, pero con un alto rendimiento, todo ello para mitigar los efectos del cambio clim\u00e1tico. De igual manera conseguir variedades resistentes a plagas emergentes como el psilido de la papa, la polilla guatemalteca, y la enfermedad conocida como \u201czebra chip\u201d o \u201cpapa manchada\u201d. No obstante, es imprescindible tambi\u00e9n conseguir variedades resistentes al tiz\u00f3n tard\u00edo o rancha, que es uno de los principales problemas a nivel mundial. Hoy en d\u00eda existen restricciones para el uso de plaguicidas y fertilizantes a nivel mundial, por lo que se tienen que encontrar alternativas para sustituir a estos productos o usar alternativas menos t\u00f3xicas.<\/p>\t\t\t\t\t\t\t\t<\/div>\n\t\t\t\t<\/div>\n\t\t\t\t<div class=\"elementor-element elementor-element-b6ac2aa elementor-widget elementor-widget-video\" data-id=\"b6ac2aa\" data-element_type=\"widget\" data-settings=\"{&quot;youtube_url&quot;:&quot;https:\\\/\\\/youtu.be\\\/QeEqj2f11U8&quot;,&quot;video_type&quot;:&quot;youtube&quot;,&quot;controls&quot;:&quot;yes&quot;}\" data-widget_type=\"video.default\">\n\t\t\t\t<div class=\"elementor-widget-container\">\n\t\t\t\t\t\t\t<div class=\"elementor-wrapper elementor-open-inline\">\n\t\t\t<div class=\"elementor-video\"><\/div>\t\t<\/div>\n\t\t\t\t\t\t<\/div>\n\t\t\t\t<\/div>\n\t\t\t\t\t<\/div>\n\t\t<\/div>\n\t\t\t\t\t<\/div>\n\t\t<\/section>\n\t\t\t\t<section class=\"elementor-section elementor-top-section elementor-element elementor-element-1a80ee6 elementor-section-boxed elementor-section-height-default elementor-section-height-default\" data-id=\"1a80ee6\" data-element_type=\"section\">\n\t\t\t\t\t\t<div class=\"elementor-container elementor-column-gap-default\">\n\t\t\t\t\t<div class=\"elementor-column elementor-col-100 elementor-top-column elementor-element elementor-element-d80fca3\" data-id=\"d80fca3\" data-element_type=\"column\">\n\t\t\t<div class=\"elementor-widget-wrap elementor-element-populated\">\n\t\t\t\t\t\t<section class=\"elementor-section elementor-inner-section elementor-element elementor-element-fecc11b elementor-section-boxed elementor-section-height-default elementor-section-height-default\" data-id=\"fecc11b\" data-element_type=\"section\">\n\t\t\t\t\t\t<div class=\"elementor-container elementor-column-gap-default\">\n\t\t\t\t\t<div class=\"elementor-column elementor-col-50 elementor-inner-column elementor-element elementor-element-1eef423\" data-id=\"1eef423\" data-element_type=\"column\">\n\t\t\t<div class=\"elementor-widget-wrap elementor-element-populated\">\n\t\t\t\t\t\t<div class=\"elementor-element elementor-element-5e23398 elementor-widget elementor-widget-text-editor\" data-id=\"5e23398\" data-element_type=\"widget\" data-widget_type=\"text-editor.default\">\n\t\t\t\t<div class=\"elementor-widget-container\">\n\t\t\t\t\t\t\t\t\t<h5>2. \u00bfQu\u00e9 tan sostenible es el manejo que le dan los peque\u00f1os agricultores a la papa hoy en d\u00eda?<\/h5><p>Uno de los principales problemas en la agricultura familiar e intensiva es que la mayor\u00eda de las variedades son susceptibles a insectos y enfermedades, por lo que los agricultores realizan aplicaciones inadecuadas e innecesarias, incrementando sus costos de producci\u00f3n.\u00a0<\/p>\t\t\t\t\t\t\t\t<\/div>\n\t\t\t\t<\/div>\n\t\t\t\t\t<\/div>\n\t\t<\/div>\n\t\t\t\t<div class=\"elementor-column elementor-col-50 elementor-inner-column elementor-element elementor-element-a6efd6f\" data-id=\"a6efd6f\" data-element_type=\"column\">\n\t\t\t<div class=\"elementor-widget-wrap elementor-element-populated\">\n\t\t\t\t\t\t<div class=\"elementor-element elementor-element-96f33ce elementor-widget elementor-widget-image\" data-id=\"96f33ce\" data-element_type=\"widget\" data-widget_type=\"image.default\">\n\t\t\t\t<div class=\"elementor-widget-container\">\n\t\t\t\t\t\t\t\t\t\t\t\t<figure class=\"wp-caption\">\n\t\t\t\t\t\t\t\t\t\t<img decoding=\"async\" width=\"980\" height=\"735\" src=\"https:\/\/doctoragro.pe\/blog\/wp-content\/uploads\/2024\/05\/Dano-en-hojas-Phytophthora-infestans-WIlmer-Perez-1024x768.jpg\" class=\"attachment-large size-large wp-image-11769\" alt=\"\" srcset=\"https:\/\/doctoragro.pe\/blog\/wp-content\/uploads\/2024\/05\/Dano-en-hojas-Phytophthora-infestans-WIlmer-Perez-1024x768.jpg 1024w, https:\/\/doctoragro.pe\/blog\/wp-content\/uploads\/2024\/05\/Dano-en-hojas-Phytophthora-infestans-WIlmer-Perez-300x225.jpg 300w, https:\/\/doctoragro.pe\/blog\/wp-content\/uploads\/2024\/05\/Dano-en-hojas-Phytophthora-infestans-WIlmer-Perez-768x576.jpg 768w, https:\/\/doctoragro.pe\/blog\/wp-content\/uploads\/2024\/05\/Dano-en-hojas-Phytophthora-infestans-WIlmer-Perez-630x473.jpg 630w, https:\/\/doctoragro.pe\/blog\/wp-content\/uploads\/2024\/05\/Dano-en-hojas-Phytophthora-infestans-WIlmer-Perez.jpg 1100w\" sizes=\"(max-width: 980px) 100vw, 980px\" \/>\t\t\t\t\t\t\t\t\t\t\t<figcaption class=\"widget-image-caption wp-caption-text\">S\u00edntoma de la rancha, enfermedad cr\u00edtica en la papa. Fuente: Wilmer Perez<\/figcaption>\n\t\t\t\t\t\t\t\t\t\t<\/figure>\n\t\t\t\t\t\t\t\t\t<\/div>\n\t\t\t\t<\/div>\n\t\t\t\t\t<\/div>\n\t\t<\/div>\n\t\t\t\t\t<\/div>\n\t\t<\/section>\n\t\t\t\t\t<\/div>\n\t\t<\/div>\n\t\t\t\t\t<\/div>\n\t\t<\/section>\n\t\t\t\t<section class=\"elementor-section elementor-top-section elementor-element elementor-element-41ab70f elementor-section-boxed elementor-section-height-default elementor-section-height-default\" data-id=\"41ab70f\" data-element_type=\"section\">\n\t\t\t\t\t\t<div class=\"elementor-container elementor-column-gap-default\">\n\t\t\t\t\t<div class=\"elementor-column elementor-col-100 elementor-top-column elementor-element elementor-element-a37d3be\" data-id=\"a37d3be\" data-element_type=\"column\">\n\t\t\t<div class=\"elementor-widget-wrap elementor-element-populated\">\n\t\t\t\t\t\t<div class=\"elementor-element elementor-element-7df0308 elementor-widget elementor-widget-text-editor\" data-id=\"7df0308\" data-element_type=\"widget\" data-widget_type=\"text-editor.default\">\n\t\t\t\t<div class=\"elementor-widget-container\">\n\t\t\t\t\t\t\t\t\t<p>Sin embargo, lo que no se percibe ni mide son los riesgos a la salud de los propios aplicadores que realizan las aplicaciones, sus familias, el medioambiente y tambi\u00e9n los consumidores. Aqu\u00ed falta una capacitaci\u00f3n extensiva en todo el sector agrario, en el que se debe incluir a j\u00f3venes y adolescentes de colegios agropecuarios y colegios rurales, para que ellos sean tambi\u00e9n portavoces de estas capacitaciones en sus respectivas familias.<\/p><h5>3. \u00bfCu\u00e1l es el problema con las nuevas variedades? \u00bfPor qu\u00e9 no las usa el peque\u00f1o agricultor? \u00bfQu\u00e9 tanto influye el consumidor en esta decisi\u00f3n?<\/h5><p>En el Per\u00fa, por ejemplo, la variedad Yungay tiene 50 a\u00f1os de haber sido liberada al mercado y la variedad Canchan cerca de 30 a\u00f1os, eso nos lleva a pensar que el recambio de variedades bajo nuestras condiciones es escaso o duran mucho tiempo. A pesar de que las variedades reci\u00e9n lanzadas tienen muchos beneficios para los propios agricultores y los consumidores, la promoci\u00f3n y difusi\u00f3n de estas implica un alto presupuesto para generar vol\u00famenes de semilla para abastecer a una gran cantidad de agricultores.\u00a0<\/p>\t\t\t\t\t\t\t\t<\/div>\n\t\t\t\t<\/div>\n\t\t\t\t\t<\/div>\n\t\t<\/div>\n\t\t\t\t\t<\/div>\n\t\t<\/section>\n\t\t\t\t<section class=\"elementor-section elementor-top-section elementor-element elementor-element-78d8499 elementor-section-boxed elementor-section-height-default elementor-section-height-default\" data-id=\"78d8499\" data-element_type=\"section\">\n\t\t\t\t\t\t<div class=\"elementor-container elementor-column-gap-default\">\n\t\t\t\t\t<div class=\"elementor-column elementor-col-100 elementor-top-column elementor-element elementor-element-d2ea00a\" data-id=\"d2ea00a\" data-element_type=\"column\">\n\t\t\t<div class=\"elementor-widget-wrap elementor-element-populated\">\n\t\t\t\t\t\t<section class=\"elementor-section elementor-inner-section elementor-element elementor-element-2309d1a elementor-section-boxed elementor-section-height-default elementor-section-height-default\" data-id=\"2309d1a\" data-element_type=\"section\">\n\t\t\t\t\t\t<div class=\"elementor-container elementor-column-gap-default\">\n\t\t\t\t\t<div class=\"elementor-column elementor-col-50 elementor-inner-column elementor-element elementor-element-ed5edee\" data-id=\"ed5edee\" data-element_type=\"column\">\n\t\t\t<div class=\"elementor-widget-wrap elementor-element-populated\">\n\t\t\t\t\t\t<div class=\"elementor-element elementor-element-065d2a3 elementor-widget elementor-widget-image\" data-id=\"065d2a3\" data-element_type=\"widget\" data-widget_type=\"image.default\">\n\t\t\t\t<div class=\"elementor-widget-container\">\n\t\t\t\t\t\t\t\t\t\t\t\t<figure class=\"wp-caption\">\n\t\t\t\t\t\t\t\t\t\t<img decoding=\"async\" width=\"589\" height=\"532\" src=\"https:\/\/doctoragro.pe\/blog\/wp-content\/uploads\/2024\/05\/Poderosa-variedad.jpg\" class=\"attachment-large size-large wp-image-11773\" alt=\"\" srcset=\"https:\/\/doctoragro.pe\/blog\/wp-content\/uploads\/2024\/05\/Poderosa-variedad.jpg 589w, https:\/\/doctoragro.pe\/blog\/wp-content\/uploads\/2024\/05\/Poderosa-variedad-300x271.jpg 300w\" sizes=\"(max-width: 589px) 100vw, 589px\" \/>\t\t\t\t\t\t\t\t\t\t\t<figcaption class=\"widget-image-caption wp-caption-text\">Nueva variedad Poderosa - CIP<\/figcaption>\n\t\t\t\t\t\t\t\t\t\t<\/figure>\n\t\t\t\t\t\t\t\t\t<\/div>\n\t\t\t\t<\/div>\n\t\t\t\t\t<\/div>\n\t\t<\/div>\n\t\t\t\t<div class=\"elementor-column elementor-col-50 elementor-inner-column elementor-element elementor-element-5fe0dd7\" data-id=\"5fe0dd7\" data-element_type=\"column\">\n\t\t\t<div class=\"elementor-widget-wrap elementor-element-populated\">\n\t\t\t\t\t\t<div class=\"elementor-element elementor-element-fd523d7 elementor-widget elementor-widget-text-editor\" data-id=\"fd523d7\" data-element_type=\"widget\" data-widget_type=\"text-editor.default\">\n\t\t\t\t<div class=\"elementor-widget-container\">\n\t\t\t\t\t\t\t\t\t<p>En esta tarea deben participar no solo las instituciones generadoras de las variedades sino tambien deber\u00eda ser un rol de instituciones p\u00fablicas e incluso privadas.<\/p><p>Se necesita una estrategia dirigida al consumidor para hacerle conocer las ventajas de estas variedades, resaltando el beneficio que tienen no s\u00f3lo para el productor, sino tambi\u00e9n para el usuario final, en este caso los consumidores, pues tendr\u00e1n un alimento con menor posibilidad de encontrar residuos o trazas de plaguicidas.<\/p>\t\t\t\t\t\t\t\t<\/div>\n\t\t\t\t<\/div>\n\t\t\t\t\t<\/div>\n\t\t<\/div>\n\t\t\t\t\t<\/div>\n\t\t<\/section>\n\t\t\t\t\t<\/div>\n\t\t<\/div>\n\t\t\t\t\t<\/div>\n\t\t<\/section>\n\t\t\t\t<section class=\"elementor-section elementor-top-section elementor-element elementor-element-5761311 elementor-section-boxed elementor-section-height-default elementor-section-height-default\" data-id=\"5761311\" data-element_type=\"section\">\n\t\t\t\t\t\t<div class=\"elementor-container elementor-column-gap-default\">\n\t\t\t\t\t<div class=\"elementor-column elementor-col-100 elementor-top-column elementor-element elementor-element-1a6542d\" data-id=\"1a6542d\" data-element_type=\"column\">\n\t\t\t<div class=\"elementor-widget-wrap elementor-element-populated\">\n\t\t\t\t\t\t<div class=\"elementor-element elementor-element-b3e3f6c elementor-widget elementor-widget-text-editor\" data-id=\"b3e3f6c\" data-element_type=\"widget\" data-widget_type=\"text-editor.default\">\n\t\t\t\t<div class=\"elementor-widget-container\">\n\t\t\t\t\t\t\t\t\t<h5>4. \u00bfQu\u00e9 plagas y enfermedades nuevas est\u00e1n apareciendo en campo?<\/h5><p>En el Per\u00fa, desde hace dos a\u00f1os atr\u00e1s SENASA ha confirmado la presencia del insecto\u00a0<em>Bactericera cockerelli<\/em>, conocido como el ps\u00edlido de la papa que ha causado fuertes p\u00e9rdidas econ\u00f3micas en pa\u00edses del norte (M\u00e9xico y Estados Unidos), Centro Am\u00e9rica (Honduras, Guatemala) y Latinoam\u00e9rica (Ecuador).<\/p><p>Este insecto ingres\u00f3 por la frontera norte y ya se encuentra establecido en la zona de Huancabamba, Piura. Al decir establecido se indica que ya no s\u00f3lo esta afectando a papa sino a otras solan\u00e1ceas. De acuerdo, a los trabajos de simulaci\u00f3n se pronostica que este ps\u00edlido tiene posibilidades de establecerse en otras \u00e1reas del Per\u00fa en plazos cortos.<\/p>\t\t\t\t\t\t\t\t<\/div>\n\t\t\t\t<\/div>\n\t\t\t\t\t<\/div>\n\t\t<\/div>\n\t\t\t\t\t<\/div>\n\t\t<\/section>\n\t\t\t\t<section class=\"elementor-section elementor-top-section elementor-element elementor-element-677e2ac elementor-section-boxed elementor-section-height-default elementor-section-height-default\" data-id=\"677e2ac\" data-element_type=\"section\">\n\t\t\t\t\t\t<div class=\"elementor-container elementor-column-gap-default\">\n\t\t\t\t\t<div class=\"elementor-column elementor-col-100 elementor-top-column elementor-element elementor-element-d39d760\" data-id=\"d39d760\" data-element_type=\"column\">\n\t\t\t<div class=\"elementor-widget-wrap elementor-element-populated\">\n\t\t\t\t\t\t<section class=\"elementor-section elementor-inner-section elementor-element elementor-element-9620d47 elementor-section-boxed elementor-section-height-default elementor-section-height-default\" data-id=\"9620d47\" data-element_type=\"section\">\n\t\t\t\t\t\t<div class=\"elementor-container elementor-column-gap-default\">\n\t\t\t\t\t<div class=\"elementor-column elementor-col-50 elementor-inner-column elementor-element elementor-element-5b78516\" data-id=\"5b78516\" data-element_type=\"column\">\n\t\t\t<div class=\"elementor-widget-wrap elementor-element-populated\">\n\t\t\t\t\t\t<div class=\"elementor-element elementor-element-a683564 elementor-widget elementor-widget-text-editor\" data-id=\"a683564\" data-element_type=\"widget\" data-widget_type=\"text-editor.default\">\n\t\t\t\t<div class=\"elementor-widget-container\">\n\t\t\t\t\t\t\t\t\t<p>Lo m\u00e1s peligroso, es que este insecto transmite otros pat\u00f3genos como fitoplasmas y una bacteria llamada <em>Candidatus liberibacter solanacearum<\/em> que causa la enfermedad conocida como \u201czebra chip\u201d o \u201cpapa manchada\u201d. \u00a0Hasta el momento, SENASA considera a esta bacteria como plaga no presente en el Per\u00fa.<\/p>\t\t\t\t\t\t\t\t<\/div>\n\t\t\t\t<\/div>\n\t\t\t\t\t<\/div>\n\t\t<\/div>\n\t\t\t\t<div class=\"elementor-column elementor-col-50 elementor-inner-column elementor-element elementor-element-c1aefe7\" data-id=\"c1aefe7\" data-element_type=\"column\">\n\t\t\t<div class=\"elementor-widget-wrap elementor-element-populated\">\n\t\t\t\t\t\t<div class=\"elementor-element elementor-element-1bf70aa elementor-widget elementor-widget-image\" data-id=\"1bf70aa\" data-element_type=\"widget\" data-widget_type=\"image.default\">\n\t\t\t\t<div class=\"elementor-widget-container\">\n\t\t\t\t\t\t\t\t\t\t\t\t<figure class=\"wp-caption\">\n\t\t\t\t\t\t\t\t\t\t<img loading=\"lazy\" decoding=\"async\" width=\"980\" height=\"792\" src=\"https:\/\/doctoragro.pe\/blog\/wp-content\/uploads\/2024\/05\/ciclo-biologico--1024x828.jpg\" class=\"attachment-large size-large wp-image-11812\" alt=\"\" srcset=\"https:\/\/doctoragro.pe\/blog\/wp-content\/uploads\/2024\/05\/ciclo-biologico--1024x828.jpg 1024w, https:\/\/doctoragro.pe\/blog\/wp-content\/uploads\/2024\/05\/ciclo-biologico--300x243.jpg 300w, https:\/\/doctoragro.pe\/blog\/wp-content\/uploads\/2024\/05\/ciclo-biologico--768x621.jpg 768w, https:\/\/doctoragro.pe\/blog\/wp-content\/uploads\/2024\/05\/ciclo-biologico--630x510.jpg 630w, https:\/\/doctoragro.pe\/blog\/wp-content\/uploads\/2024\/05\/ciclo-biologico-.jpg 1372w\" sizes=\"(max-width: 980px) 100vw, 980px\" \/>\t\t\t\t\t\t\t\t\t\t\t<figcaption class=\"widget-image-caption wp-caption-text\">Ciclo biol\u00f3gico de B. Cockerelli (Ilustraci\u00f3n: Bayer).<\/figcaption>\n\t\t\t\t\t\t\t\t\t\t<\/figure>\n\t\t\t\t\t\t\t\t\t<\/div>\n\t\t\t\t<\/div>\n\t\t\t\t\t<\/div>\n\t\t<\/div>\n\t\t\t\t\t<\/div>\n\t\t<\/section>\n\t\t\t\t\t<\/div>\n\t\t<\/div>\n\t\t\t\t\t<\/div>\n\t\t<\/section>\n\t\t\t\t<\/div>\n\t\t","protected":false},"excerpt":{"rendered":"<p>La papa es un cultivo de suma importancia dado su papel en la seguridad alimentaria, adem\u00e1s de ser uno de los 5 cultivos m\u00e1s consumidos en el mundo. En el Per\u00fa es sembrada principalmente por peque\u00f1os agricultores de la zona andina, significando un alimento de subsistencia en diversas zonas rurales. En este 30 de mayo, [&hellip;]<\/p>\n","protected":false},"author":2,"featured_media":11834,"comment_status":"open","ping_status":"open","sticky":false,"template":"","format":"standard","meta":{"footnotes":""},"categories":[1],"tags":[160,156,157,158,155,159],"class_list":["post-11754","post","type-post","status-publish","format-standard","has-post-thumbnail","hentry","category-sin-categoria","tag-bactericera-cockerelli","tag-cip","tag-dia-internacional-de-la-papa","tag-mip","tag-papa","tag-rancha"],"_links":{"self":[{"href":"https:\/\/doctoragro.pe\/blog\/wp-json\/wp\/v2\/posts\/11754","targetHints":{"allow":["GET"]}}],"collection":[{"href":"https:\/\/doctoragro.pe\/blog\/wp-json\/wp\/v2\/posts"}],"about":[{"href":"https:\/\/doctoragro.pe\/blog\/wp-json\/wp\/v2\/types\/post"}],"author":[{"embeddable":true,"href":"https:\/\/doctoragro.pe\/blog\/wp-json\/wp\/v2\/users\/2"}],"replies":[{"embeddable":true,"href":"https:\/\/doctoragro.pe\/blog\/wp-json\/wp\/v2\/comments?post=11754"}],"version-history":[{"count":79,"href":"https:\/\/doctoragro.pe\/blog\/wp-json\/wp\/v2\/posts\/11754\/revisions"}],"predecessor-version":[{"id":11844,"href":"https:\/\/doctoragro.pe\/blog\/wp-json\/wp\/v2\/posts\/11754\/revisions\/11844"}],"wp:featuredmedia":[{"embeddable":true,"href":"https:\/\/doctoragro.pe\/blog\/wp-json\/wp\/v2\/media\/11834"}],"wp:attachment":[{"href":"https:\/\/doctoragro.pe\/blog\/wp-json\/wp\/v2\/media?parent=11754"}],"wp:term":[{"taxonomy":"category","embeddable":true,"href":"https:\/\/doctoragro.pe\/blog\/wp-json\/wp\/v2\/categories?post=11754"},{"taxonomy":"post_tag","embeddable":true,"href":"https:\/\/doctoragro.pe\/blog\/wp-json\/wp\/v2\/tags?post=11754"}],"curies":[{"name":"wp","href":"https:\/\/api.w.org\/{rel}","templated":true}]}}